{"id":33172,"date":"2020-04-17T17:35:12","date_gmt":"2020-04-17T15:35:12","guid":{"rendered":"https:\/\/radiosphere.de\/?p=33172"},"modified":"2021-04-29T11:31:07","modified_gmt":"2021-04-29T09:31:07","slug":"kw16-2020-oeffnung","status":"publish","type":"post","link":"https:\/\/radiosphere.de\/en\/kw16-2020-oeffnung\/","title":{"rendered":"KW16-2020: #\u00d6ffnung"},"content":{"rendered":"<p>[et_pb_section admin_label=&#8221;section&#8221;]<br \/>\n\t\t\t[et_pb_row admin_label=&#8221;row&#8221;]<br \/>\n\t\t\t\t[et_pb_column type=&#8221;4_4&#8243;][et_pb_text admin_label=&#8221;Text&#8221;]<span style=\"font-size: 12pt;\">Unsere Grafik zeigt, auf welche Personen dabei besonders h\u00e4ufig Bezug genommen wird. Sicher wenig \u00fcberraschend: Bundeskanzlerin Angela Merkel genie\u00dft die gr\u00f6\u00dfte Social Media-Pr\u00e4senz in der Diskussion um die <strong>#\u00d6ffnung<\/strong> Deutschlands nach dem #CoronaLockdown. Das Sentiment der \u00fcber 5.000 analysierten Postings ist dabei leicht negativ<\/span><\/p>\n<p><span style=\"font-size: 12pt;\"><strong>Das Team von Radiosphere meint: <\/strong>Die Erwartungen an Bundeskanzlerin Merkel in der Abstimmung mit den Ministerpr\u00e4sidenten der L\u00e4nder sind hoch. Der leicht negative Tenor der \u00f6ffentlichen Debatte um die #\u00d6ffnung l\u00e4sst sich mit dem Leserbrief-Ph\u00e4nomen erkl\u00e4ren: Es sind eher die Unzufriedenen, die ihre Meinung los werden wollen: in den Social Media ebenso wie auf den Leserbriefseiten der Zeitungen.<\/span>[\/et_pb_text][\/et_pb_column]<br \/>\n\t\t\t[\/et_pb_row]<br \/>\n\t\t[\/et_pb_section]<\/p>\n","protected":false},"excerpt":{"rendered":"<p>Unsere Grafik zeigt, auf welche Personen dabei besonders h\u00e4ufig Bezug genommen wird. Sicher wenig \u00fcberraschend: Bundeskanzlerin Angela Merkel genie\u00dft die gr\u00f6\u00dfte Social Media-Pr\u00e4senz in der Diskussion um die #\u00d6ffnung Deutschlands nach dem #CoronaLockdown.<\/p>\n","protected":false},"author":2,"featured_media":33035,"comment_status":"closed","ping_status":"open","sticky":false,"template":"","format":"standard","meta":{"_et_pb_use_builder":"on","_et_pb_old_content":"<span style=\"font-size: 12pt;\">Unsere Grafik zeigt, auf welche Personen dabei besonders h\u00e4ufig Bezug genommen wird. Sicher wenig \u00fcberraschend: Bundeskanzlerin Angela Merkel genie\u00dft die gr\u00f6\u00dfte Social Media-Pr\u00e4senz in der Diskussion um die <strong>#\u00d6ffnung<\/strong> Deutschlands nach dem #CoronaLockdown. Das Sentiment der \u00fcber 5.000 analysierten Postings ist dabei leicht negativ<\/span>\r\n\r\n<span style=\"font-size: 12pt;\"><strong>Das Team von Radiosphere meint: <\/strong>Die Erwartungen an Bundeskanzlerin Merkel in der Abstimmung mit den Ministerpr\u00e4sidenten der L\u00e4nder sind hoch. Der leicht negative Tenor der \u00f6ffentlichen Debatte um die #\u00d6ffnung l\u00e4sst sich mit dem Leserbrief-Ph\u00e4nomen erkl\u00e4ren: Es sind eher die Unzufriedenen, die ihre Meinung los werden wollen: in den Social Media ebenso wie auf den Leserbriefseiten der Zeitungen.<\/span>","_et_gb_content_width":"","footnotes":"","_links_to":"","_links_to_target":""},"categories":[525],"tags":[524],"class_list":["post-33172","post","type-post","status-publish","format-standard","has-post-thumbnail","hentry","category-weekly","tag-oeffnung"],"yoast_head":"<!-- This site is optimized with the Yoast SEO plugin v27.4 - https:\/\/yoast.com\/product\/yoast-seo-wordpress\/ -->\n<title>KW16-2020: #\u00d6ffnung - RADiOSPHERE GmbH<\/title>\n<meta name=\"description\" content=\"Unsere Grafik zeigt, auf welche Personen dabei besonders h\u00e4ufig Bezug genommen wird. Sicher wenig \u00fcberraschend: Bundeskanzlerin Angela Merkel genie\u00dft die gr\u00f6\u00dfte Social Media-Pr\u00e4senz in der Diskussion um die #\u00d6ffnung Deutschlands nach dem #CoronaLockdown.\" \/>\n<meta name=\"robots\" content=\"index, follow, max-snippet:-1, max-image-preview:large, max-video-preview:-1\" \/>\n<link rel=\"canonical\" href=\"https:\/\/radiosphere.de\/en\/kw16-2020-oeffnung\/\" \/>\n<meta property=\"og:locale\" content=\"en_US\" \/>\n<meta property=\"og:type\" content=\"article\" \/>\n<meta property=\"og:title\" content=\"KW16-2020: #\u00d6ffnung - RADiOSPHERE GmbH\" \/>\n<meta property=\"og:description\" content=\"Unsere Grafik zeigt, auf welche Personen dabei besonders h\u00e4ufig Bezug genommen wird. Sicher wenig \u00fcberraschend: Bundeskanzlerin Angela Merkel genie\u00dft die gr\u00f6\u00dfte Social Media-Pr\u00e4senz in der Diskussion um die #\u00d6ffnung Deutschlands nach dem #CoronaLockdown.\" \/>\n<meta property=\"og:url\" content=\"https:\/\/radiosphere.de\/en\/kw16-2020-oeffnung\/\" \/>\n<meta property=\"og:site_name\" content=\"RADiOSPHERE GmbH\" \/>\n<meta property=\"article:publisher\" content=\"https:\/\/www.facebook.com\/radiosphere.de\" \/>\n<meta property=\"article:published_time\" content=\"2020-04-17T15:35:12+00:00\" \/>\n<meta property=\"article:modified_time\" content=\"2021-04-29T09:31:07+00:00\" \/>\n<meta property=\"og:image\" content=\"https:\/\/radiosphere.de\/wp-content\/uploads\/2020\/04\/KW16Personen.jpg\" \/>\n\t<meta property=\"og:image:width\" content=\"1220\" \/>\n\t<meta property=\"og:image:height\" content=\"552\" \/>\n\t<meta property=\"og:image:type\" content=\"image\/jpeg\" \/>\n<meta name=\"author\" content=\"Super User\" \/>\n<meta name=\"twitter:card\" content=\"summary_large_image\" \/>\n<meta name=\"twitter:creator\" content=\"@RADIOSPHERE_DE\" \/>\n<meta name=\"twitter:site\" content=\"@RADIOSPHERE_DE\" \/>\n<meta name=\"twitter:label1\" content=\"Written by\" \/>\n\t<meta name=\"twitter:data1\" content=\"Super User\" \/>\n\t<meta name=\"twitter:label2\" content=\"Est. reading time\" \/>\n\t<meta name=\"twitter:data2\" content=\"1 minute\" \/>\n<script type=\"application\/ld+json\" class=\"yoast-schema-graph\">{\"@context\":\"https:\\\/\\\/schema.org\",\"@graph\":[{\"@type\":\"Article\",\"@id\":\"https:\\\/\\\/radiosphere.de\\\/en\\\/kw16-2020-oeffnung\\\/#article\",\"isPartOf\":{\"@id\":\"https:\\\/\\\/radiosphere.de\\\/en\\\/kw16-2020-oeffnung\\\/\"},\"author\":{\"name\":\"Super User\",\"@id\":\"https:\\\/\\\/radiosphere.de\\\/en\\\/#\\\/schema\\\/person\\\/3f62d523fc8e4b48e3f2c1c3019e36a3\"},\"headline\":\"KW16-2020: #\u00d6ffnung\",\"datePublished\":\"2020-04-17T15:35:12+00:00\",\"dateModified\":\"2021-04-29T09:31:07+00:00\",\"mainEntityOfPage\":{\"@id\":\"https:\\\/\\\/radiosphere.de\\\/en\\\/kw16-2020-oeffnung\\\/\"},\"wordCount\":147,\"publisher\":{\"@id\":\"https:\\\/\\\/radiosphere.de\\\/en\\\/#organization\"},\"image\":{\"@id\":\"https:\\\/\\\/radiosphere.de\\\/en\\\/kw16-2020-oeffnung\\\/#primaryimage\"},\"thumbnailUrl\":\"https:\\\/\\\/radiosphere.de\\\/wp-content\\\/uploads\\\/2020\\\/04\\\/KW16Personen.jpg\",\"keywords\":[\"#\u00d6FFNUNG\"],\"articleSection\":[\"Weekly\"],\"inLanguage\":\"en-US\"},{\"@type\":\"WebPage\",\"@id\":\"https:\\\/\\\/radiosphere.de\\\/en\\\/kw16-2020-oeffnung\\\/\",\"url\":\"https:\\\/\\\/radiosphere.de\\\/en\\\/kw16-2020-oeffnung\\\/\",\"name\":\"KW16-2020: #\u00d6ffnung - RADiOSPHERE GmbH\",\"isPartOf\":{\"@id\":\"https:\\\/\\\/radiosphere.de\\\/en\\\/#website\"},\"primaryImageOfPage\":{\"@id\":\"https:\\\/\\\/radiosphere.de\\\/en\\\/kw16-2020-oeffnung\\\/#primaryimage\"},\"image\":{\"@id\":\"https:\\\/\\\/radiosphere.de\\\/en\\\/kw16-2020-oeffnung\\\/#primaryimage\"},\"thumbnailUrl\":\"https:\\\/\\\/radiosphere.de\\\/wp-content\\\/uploads\\\/2020\\\/04\\\/KW16Personen.jpg\",\"datePublished\":\"2020-04-17T15:35:12+00:00\",\"dateModified\":\"2021-04-29T09:31:07+00:00\",\"description\":\"Unsere Grafik zeigt, auf welche Personen dabei besonders h\u00e4ufig Bezug genommen wird. Sicher wenig \u00fcberraschend: Bundeskanzlerin Angela Merkel genie\u00dft die gr\u00f6\u00dfte Social Media-Pr\u00e4senz in der Diskussion um die #\u00d6ffnung Deutschlands nach dem #CoronaLockdown.\",\"breadcrumb\":{\"@id\":\"https:\\\/\\\/radiosphere.de\\\/en\\\/kw16-2020-oeffnung\\\/#breadcrumb\"},\"inLanguage\":\"en-US\",\"potentialAction\":[{\"@type\":\"ReadAction\",\"target\":[\"https:\\\/\\\/radiosphere.de\\\/en\\\/kw16-2020-oeffnung\\\/\"]}]},{\"@type\":\"ImageObject\",\"inLanguage\":\"en-US\",\"@id\":\"https:\\\/\\\/radiosphere.de\\\/en\\\/kw16-2020-oeffnung\\\/#primaryimage\",\"url\":\"https:\\\/\\\/radiosphere.de\\\/wp-content\\\/uploads\\\/2020\\\/04\\\/KW16Personen.jpg\",\"contentUrl\":\"https:\\\/\\\/radiosphere.de\\\/wp-content\\\/uploads\\\/2020\\\/04\\\/KW16Personen.jpg\",\"width\":1220,\"height\":552,\"caption\":\"Weekly Monitor KW16\"},{\"@type\":\"BreadcrumbList\",\"@id\":\"https:\\\/\\\/radiosphere.de\\\/en\\\/kw16-2020-oeffnung\\\/#breadcrumb\",\"itemListElement\":[{\"@type\":\"ListItem\",\"position\":1,\"name\":\"Startseite\",\"item\":\"https:\\\/\\\/radiosphere.de\\\/en\\\/\"},{\"@type\":\"ListItem\",\"position\":2,\"name\":\"KW16-2020: #\u00d6ffnung\"}]},{\"@type\":\"WebSite\",\"@id\":\"https:\\\/\\\/radiosphere.de\\\/en\\\/#website\",\"url\":\"https:\\\/\\\/radiosphere.de\\\/en\\\/\",\"name\":\"RADiOSPHERE GmbH\",\"description\":\"OSINT Media Intelligence Services\",\"publisher\":{\"@id\":\"https:\\\/\\\/radiosphere.de\\\/en\\\/#organization\"},\"potentialAction\":[{\"@type\":\"SearchAction\",\"target\":{\"@type\":\"EntryPoint\",\"urlTemplate\":\"https:\\\/\\\/radiosphere.de\\\/en\\\/?s={search_term_string}\"},\"query-input\":{\"@type\":\"PropertyValueSpecification\",\"valueRequired\":true,\"valueName\":\"search_term_string\"}}],\"inLanguage\":\"en-US\"},{\"@type\":\"Organization\",\"@id\":\"https:\\\/\\\/radiosphere.de\\\/en\\\/#organization\",\"name\":\"RADIOSPHERE GmbH\",\"url\":\"https:\\\/\\\/radiosphere.de\\\/en\\\/\",\"logo\":{\"@type\":\"ImageObject\",\"inLanguage\":\"en-US\",\"@id\":\"https:\\\/\\\/radiosphere.de\\\/en\\\/#\\\/schema\\\/logo\\\/image\\\/\",\"url\":\"https:\\\/\\\/i1.wp.com\\\/radiosphere.de\\\/wp-content\\\/uploads\\\/2020\\\/03\\\/Radiosphere_Logo_2C_petrol.png?fit=800%2C160&ssl=1\",\"contentUrl\":\"https:\\\/\\\/i1.wp.com\\\/radiosphere.de\\\/wp-content\\\/uploads\\\/2020\\\/03\\\/Radiosphere_Logo_2C_petrol.png?fit=800%2C160&ssl=1\",\"width\":800,\"height\":160,\"caption\":\"RADIOSPHERE GmbH\"},\"image\":{\"@id\":\"https:\\\/\\\/radiosphere.de\\\/en\\\/#\\\/schema\\\/logo\\\/image\\\/\"},\"sameAs\":[\"https:\\\/\\\/www.facebook.com\\\/radiosphere.de\",\"https:\\\/\\\/x.com\\\/RADIOSPHERE_DE\",\"https:\\\/\\\/www.instagram.com\\\/radiosphere.de\\\/\",\"https:\\\/\\\/www.linkedin.com\\\/company\\\/radiosphere-gmbh\"]},{\"@type\":\"Person\",\"@id\":\"https:\\\/\\\/radiosphere.de\\\/en\\\/#\\\/schema\\\/person\\\/3f62d523fc8e4b48e3f2c1c3019e36a3\",\"name\":\"Super User\",\"image\":{\"@type\":\"ImageObject\",\"inLanguage\":\"en-US\",\"@id\":\"https:\\\/\\\/secure.gravatar.com\\\/avatar\\\/b3043195e1acd4cdd57967126eb64a2eba6df2683f551808972fa5bfbd2068c9?s=96&d=mm&r=g\",\"url\":\"https:\\\/\\\/secure.gravatar.com\\\/avatar\\\/b3043195e1acd4cdd57967126eb64a2eba6df2683f551808972fa5bfbd2068c9?s=96&d=mm&r=g\",\"contentUrl\":\"https:\\\/\\\/secure.gravatar.com\\\/avatar\\\/b3043195e1acd4cdd57967126eb64a2eba6df2683f551808972fa5bfbd2068c9?s=96&d=mm&r=g\",\"caption\":\"Super User\"},\"url\":\"https:\\\/\\\/radiosphere.de\\\/en\\\/author\\\/admin\\\/\"}]}<\/script>\n<!-- \/ Yoast SEO plugin. -->","yoast_head_json":{"title":"KW16-2020: #\u00d6ffnung - RADiOSPHERE GmbH","description":"Unsere Grafik zeigt, auf welche Personen dabei besonders h\u00e4ufig Bezug genommen wird. Sicher wenig \u00fcberraschend: Bundeskanzlerin Angela Merkel genie\u00dft die gr\u00f6\u00dfte Social Media-Pr\u00e4senz in der Diskussion um die #\u00d6ffnung Deutschlands nach dem #CoronaLockdown.","robots":{"index":"index","follow":"follow","max-snippet":"max-snippet:-1","max-image-preview":"max-image-preview:large","max-video-preview":"max-video-preview:-1"},"canonical":"https:\/\/radiosphere.de\/en\/kw16-2020-oeffnung\/","og_locale":"en_US","og_type":"article","og_title":"KW16-2020: #\u00d6ffnung - RADiOSPHERE GmbH","og_description":"Unsere Grafik zeigt, auf welche Personen dabei besonders h\u00e4ufig Bezug genommen wird. Sicher wenig \u00fcberraschend: Bundeskanzlerin Angela Merkel genie\u00dft die gr\u00f6\u00dfte Social Media-Pr\u00e4senz in der Diskussion um die #\u00d6ffnung Deutschlands nach dem #CoronaLockdown.","og_url":"https:\/\/radiosphere.de\/en\/kw16-2020-oeffnung\/","og_site_name":"RADiOSPHERE GmbH","article_publisher":"https:\/\/www.facebook.com\/radiosphere.de","article_published_time":"2020-04-17T15:35:12+00:00","article_modified_time":"2021-04-29T09:31:07+00:00","og_image":[{"width":1220,"height":552,"url":"https:\/\/radiosphere.de\/wp-content\/uploads\/2020\/04\/KW16Personen.jpg","type":"image\/jpeg"}],"author":"Super User","twitter_card":"summary_large_image","twitter_creator":"@RADIOSPHERE_DE","twitter_site":"@RADIOSPHERE_DE","twitter_misc":{"Written by":"Super User","Est. reading time":"1 minute"},"schema":{"@context":"https:\/\/schema.org","@graph":[{"@type":"Article","@id":"https:\/\/radiosphere.de\/en\/kw16-2020-oeffnung\/#article","isPartOf":{"@id":"https:\/\/radiosphere.de\/en\/kw16-2020-oeffnung\/"},"author":{"name":"Super User","@id":"https:\/\/radiosphere.de\/en\/#\/schema\/person\/3f62d523fc8e4b48e3f2c1c3019e36a3"},"headline":"KW16-2020: #\u00d6ffnung","datePublished":"2020-04-17T15:35:12+00:00","dateModified":"2021-04-29T09:31:07+00:00","mainEntityOfPage":{"@id":"https:\/\/radiosphere.de\/en\/kw16-2020-oeffnung\/"},"wordCount":147,"publisher":{"@id":"https:\/\/radiosphere.de\/en\/#organization"},"image":{"@id":"https:\/\/radiosphere.de\/en\/kw16-2020-oeffnung\/#primaryimage"},"thumbnailUrl":"https:\/\/radiosphere.de\/wp-content\/uploads\/2020\/04\/KW16Personen.jpg","keywords":["#\u00d6FFNUNG"],"articleSection":["Weekly"],"inLanguage":"en-US"},{"@type":"WebPage","@id":"https:\/\/radiosphere.de\/en\/kw16-2020-oeffnung\/","url":"https:\/\/radiosphere.de\/en\/kw16-2020-oeffnung\/","name":"KW16-2020: #\u00d6ffnung - RADiOSPHERE GmbH","isPartOf":{"@id":"https:\/\/radiosphere.de\/en\/#website"},"primaryImageOfPage":{"@id":"https:\/\/radiosphere.de\/en\/kw16-2020-oeffnung\/#primaryimage"},"image":{"@id":"https:\/\/radiosphere.de\/en\/kw16-2020-oeffnung\/#primaryimage"},"thumbnailUrl":"https:\/\/radiosphere.de\/wp-content\/uploads\/2020\/04\/KW16Personen.jpg","datePublished":"2020-04-17T15:35:12+00:00","dateModified":"2021-04-29T09:31:07+00:00","description":"Unsere Grafik zeigt, auf welche Personen dabei besonders h\u00e4ufig Bezug genommen wird. Sicher wenig \u00fcberraschend: Bundeskanzlerin Angela Merkel genie\u00dft die gr\u00f6\u00dfte Social Media-Pr\u00e4senz in der Diskussion um die #\u00d6ffnung Deutschlands nach dem #CoronaLockdown.","breadcrumb":{"@id":"https:\/\/radiosphere.de\/en\/kw16-2020-oeffnung\/#breadcrumb"},"inLanguage":"en-US","potentialAction":[{"@type":"ReadAction","target":["https:\/\/radiosphere.de\/en\/kw16-2020-oeffnung\/"]}]},{"@type":"ImageObject","inLanguage":"en-US","@id":"https:\/\/radiosphere.de\/en\/kw16-2020-oeffnung\/#primaryimage","url":"https:\/\/radiosphere.de\/wp-content\/uploads\/2020\/04\/KW16Personen.jpg","contentUrl":"https:\/\/radiosphere.de\/wp-content\/uploads\/2020\/04\/KW16Personen.jpg","width":1220,"height":552,"caption":"Weekly Monitor KW16"},{"@type":"BreadcrumbList","@id":"https:\/\/radiosphere.de\/en\/kw16-2020-oeffnung\/#breadcrumb","itemListElement":[{"@type":"ListItem","position":1,"name":"Startseite","item":"https:\/\/radiosphere.de\/en\/"},{"@type":"ListItem","position":2,"name":"KW16-2020: #\u00d6ffnung"}]},{"@type":"WebSite","@id":"https:\/\/radiosphere.de\/en\/#website","url":"https:\/\/radiosphere.de\/en\/","name":"RADiOSPHERE GmbH","description":"OSINT Media Intelligence Services","publisher":{"@id":"https:\/\/radiosphere.de\/en\/#organization"},"potentialAction":[{"@type":"SearchAction","target":{"@type":"EntryPoint","urlTemplate":"https:\/\/radiosphere.de\/en\/?s={search_term_string}"},"query-input":{"@type":"PropertyValueSpecification","valueRequired":true,"valueName":"search_term_string"}}],"inLanguage":"en-US"},{"@type":"Organization","@id":"https:\/\/radiosphere.de\/en\/#organization","name":"RADIOSPHERE GmbH","url":"https:\/\/radiosphere.de\/en\/","logo":{"@type":"ImageObject","inLanguage":"en-US","@id":"https:\/\/radiosphere.de\/en\/#\/schema\/logo\/image\/","url":"https:\/\/i1.wp.com\/radiosphere.de\/wp-content\/uploads\/2020\/03\/Radiosphere_Logo_2C_petrol.png?fit=800%2C160&ssl=1","contentUrl":"https:\/\/i1.wp.com\/radiosphere.de\/wp-content\/uploads\/2020\/03\/Radiosphere_Logo_2C_petrol.png?fit=800%2C160&ssl=1","width":800,"height":160,"caption":"RADIOSPHERE GmbH"},"image":{"@id":"https:\/\/radiosphere.de\/en\/#\/schema\/logo\/image\/"},"sameAs":["https:\/\/www.facebook.com\/radiosphere.de","https:\/\/x.com\/RADIOSPHERE_DE","https:\/\/www.instagram.com\/radiosphere.de\/","https:\/\/www.linkedin.com\/company\/radiosphere-gmbh"]},{"@type":"Person","@id":"https:\/\/radiosphere.de\/en\/#\/schema\/person\/3f62d523fc8e4b48e3f2c1c3019e36a3","name":"Super User","image":{"@type":"ImageObject","inLanguage":"en-US","@id":"https:\/\/secure.gravatar.com\/avatar\/b3043195e1acd4cdd57967126eb64a2eba6df2683f551808972fa5bfbd2068c9?s=96&d=mm&r=g","url":"https:\/\/secure.gravatar.com\/avatar\/b3043195e1acd4cdd57967126eb64a2eba6df2683f551808972fa5bfbd2068c9?s=96&d=mm&r=g","contentUrl":"https:\/\/secure.gravatar.com\/avatar\/b3043195e1acd4cdd57967126eb64a2eba6df2683f551808972fa5bfbd2068c9?s=96&d=mm&r=g","caption":"Super User"},"url":"https:\/\/radiosphere.de\/en\/author\/admin\/"}]}},"_links":{"self":[{"href":"https:\/\/radiosphere.de\/en\/wp-json\/wp\/v2\/posts\/33172","targetHints":{"allow":["GET"]}}],"collection":[{"href":"https:\/\/radiosphere.de\/en\/wp-json\/wp\/v2\/posts"}],"about":[{"href":"https:\/\/radiosphere.de\/en\/wp-json\/wp\/v2\/types\/post"}],"author":[{"embeddable":true,"href":"https:\/\/radiosphere.de\/en\/wp-json\/wp\/v2\/users\/2"}],"replies":[{"embeddable":true,"href":"https:\/\/radiosphere.de\/en\/wp-json\/wp\/v2\/comments?post=33172"}],"version-history":[{"count":3,"href":"https:\/\/radiosphere.de\/en\/wp-json\/wp\/v2\/posts\/33172\/revisions"}],"predecessor-version":[{"id":33185,"href":"https:\/\/radiosphere.de\/en\/wp-json\/wp\/v2\/posts\/33172\/revisions\/33185"}],"wp:featuredmedia":[{"embeddable":true,"href":"https:\/\/radiosphere.de\/en\/wp-json\/wp\/v2\/media\/33035"}],"wp:attachment":[{"href":"https:\/\/radiosphere.de\/en\/wp-json\/wp\/v2\/media?parent=33172"}],"wp:term":[{"taxonomy":"category","embeddable":true,"href":"https:\/\/radiosphere.de\/en\/wp-json\/wp\/v2\/categories?post=33172"},{"taxonomy":"post_tag","embeddable":true,"href":"https:\/\/radiosphere.de\/en\/wp-json\/wp\/v2\/tags?post=33172"}],"curies":[{"name":"wp","href":"https:\/\/api.w.org\/{rel}","templated":true}]}}